{"id":2719,"date":"2024-10-02T15:18:47","date_gmt":"2024-10-02T13:18:47","guid":{"rendered":"https:\/\/kistemplom.dedipage.hu\/?p=2719"},"modified":"2024-10-02T15:24:38","modified_gmt":"2024-10-02T13:24:38","slug":"meghivo-parlagi-templomrom","status":"publish","type":"post","link":"https:\/\/kistemplom.hu\/index.php\/2024\/10\/02\/meghivo-parlagi-templomrom\/","title":{"rendered":"Megh\u00edv\u00f3 &#8211; Parlagi Templomrom c\u00edm\u0171 ki\u00e1ll\u00edt\u00e1sra"},"content":{"rendered":"<p>Ki\u00e1ll\u00edt\u00e1s a Debreceni Kistemplom-Ispot\u00e1lyi Reform\u00e1tus Egyh\u00e1zk\u00f6zs\u00e9g gy\u00fclekezeti term\u00e9ben 2024. okt\u00f3ber 6-\u00e1n 11 \u00f3r\u00e1t\u00f3l, melyre szeretettel v\u00e1runk mindenkit. K\u00f6sz\u00f6nt\u0151t mond Zsoldos Tibor reform\u00e1tus f\u0151lelk\u00e9sz.<\/p>\n<p><img fetchpriority=\"high\" decoding=\"async\" class=\"aligncenter wp-image-2720 size-large\" src=\"https:\/\/kistemplom.hu\/wp-content\/uploads\/plakat-5-728x1024.jpg\" alt=\"\" width=\"728\" height=\"1024\" srcset=\"https:\/\/kistemplom.hu\/wp-content\/uploads\/plakat-5-728x1024.jpg 728w, https:\/\/kistemplom.hu\/wp-content\/uploads\/plakat-5-213x300.jpg 213w, https:\/\/kistemplom.hu\/wp-content\/uploads\/plakat-5-768x1080.jpg 768w, https:\/\/kistemplom.hu\/wp-content\/uploads\/plakat-5-1092x1536.jpg 1092w, https:\/\/kistemplom.hu\/wp-content\/uploads\/plakat-5-1457x2048.jpg 1457w, https:\/\/kistemplom.hu\/wp-content\/uploads\/plakat-5-scaled.jpg 1821w\" sizes=\"(max-width: 728px) 100vw, 728px\" \/><\/p>\n<p>&nbsp;<\/p>\n","protected":false},"excerpt":{"rendered":"<p>Ki\u00e1ll\u00edt\u00e1s a Debreceni Kistemplom-Ispot\u00e1lyi Reform\u00e1tus Egyh\u00e1zk\u00f6zs\u00e9g gy\u00fclekezeti term\u00e9ben 2024. okt\u00f3ber 6-\u00e1n 11 \u00f3r\u00e1t\u00f3l, melyre szeretettel v\u00e1runk mindenkit. K\u00f6sz\u00f6nt\u0151t mond Zsoldos Tibor reform\u00e1tus f\u0151lelk\u00e9sz. &nbsp;<\/p>\n","protected":false},"author":1,"featured_media":2721,"comment_status":"closed","ping_status":"closed","sticky":false,"template":"","format":"standard","meta":{"_eb_attr":"","ngg_post_thumbnail":0,"footnotes":""},"categories":[14],"tags":[],"class_list":["post-2719","post","type-post","status-publish","format-standard","has-post-thumbnail","hentry","category-aktualitasok"],"rttpg_featured_image_url":{"full":["https:\/\/kistemplom.hu\/wp-content\/uploads\/kiallitas_plakat-scaled.jpg",2560,1887,false],"landscape":["https:\/\/kistemplom.hu\/wp-content\/uploads\/kiallitas_plakat-scaled.jpg",2560,1887,false],"portraits":["https:\/\/kistemplom.hu\/wp-content\/uploads\/kiallitas_plakat-scaled.jpg",2560,1887,false],"thumbnail":["https:\/\/kistemplom.hu\/wp-content\/uploads\/kiallitas_plakat-150x150.jpg",150,150,true],"medium":["https:\/\/kistemplom.hu\/wp-content\/uploads\/kiallitas_plakat-300x221.jpg",300,221,true],"large":["https:\/\/kistemplom.hu\/wp-content\/uploads\/kiallitas_plakat-1024x755.jpg",1024,755,true],"1536x1536":["https:\/\/kistemplom.hu\/wp-content\/uploads\/kiallitas_plakat-1536x1132.jpg",1536,1132,true],"2048x2048":["https:\/\/kistemplom.hu\/wp-content\/uploads\/kiallitas_plakat-2048x1509.jpg",2048,1509,true]},"rttpg_author":{"display_name":"szilagyijanos","author_link":"https:\/\/kistemplom.hu\/index.php\/author\/szilagyijanos\/"},"rttpg_comment":0,"rttpg_category":"<a href=\"https:\/\/kistemplom.hu\/index.php\/category\/aktualitasok\/\" rel=\"category tag\">Aktualit\u00e1sok<\/a>","rttpg_excerpt":"Ki\u00e1ll\u00edt\u00e1s a Debreceni Kistemplom-Ispot\u00e1lyi Reform\u00e1tus Egyh\u00e1zk\u00f6zs\u00e9g gy\u00fclekezeti term\u00e9ben 2024. okt\u00f3ber 6-\u00e1n 11 \u00f3r\u00e1t\u00f3l, melyre szeretettel v\u00e1runk mindenkit. K\u00f6sz\u00f6nt\u0151t mond Zsoldos Tibor reform\u00e1tus f\u0151lelk\u00e9sz. &nbsp;","_links":{"self":[{"href":"https:\/\/kistemplom.hu\/index.php\/wp-json\/wp\/v2\/posts\/2719","targetHints":{"allow":["GET"]}}],"collection":[{"href":"https:\/\/kistemplom.hu\/index.php\/wp-json\/wp\/v2\/posts"}],"about":[{"href":"https:\/\/kistemplom.hu\/index.php\/wp-json\/wp\/v2\/types\/post"}],"author":[{"embeddable":true,"href":"https:\/\/kistemplom.hu\/index.php\/wp-json\/wp\/v2\/users\/1"}],"replies":[{"embeddable":true,"href":"https:\/\/kistemplom.hu\/index.php\/wp-json\/wp\/v2\/comments?post=2719"}],"version-history":[{"count":0,"href":"https:\/\/kistemplom.hu\/index.php\/wp-json\/wp\/v2\/posts\/2719\/revisions"}],"wp:featuredmedia":[{"embeddable":true,"href":"https:\/\/kistemplom.hu\/index.php\/wp-json\/wp\/v2\/media\/2721"}],"wp:attachment":[{"href":"https:\/\/kistemplom.hu\/index.php\/wp-json\/wp\/v2\/media?parent=2719"}],"wp:term":[{"taxonomy":"category","embeddable":true,"href":"https:\/\/kistemplom.hu\/index.php\/wp-json\/wp\/v2\/categories?post=2719"},{"taxonomy":"post_tag","embeddable":true,"href":"https:\/\/kistemplom.hu\/index.php\/wp-json\/wp\/v2\/tags?post=2719"}],"curies":[{"name":"wp","href":"https:\/\/api.w.org\/{rel}","templated":true}]}}